{"id":39,"date":"2005-01-12T00:18:47","date_gmt":"2005-01-11T22:18:47","guid":{"rendered":"http:\/\/henriksundstrom.se\/blog\/?p=2882"},"modified":"2005-01-12T00:18:47","modified_gmt":"2005-01-11T22:18:47","slug":"republikansk-kung","status":"publish","type":"post","link":"https:\/\/henriksundstrom.se\/blog\/2005\/01\/12\/republikansk-kung\/","title":{"rendered":"Republikansk kung?"},"content":{"rendered":"<p>L\u00e4ste hos den utm\u00e4rkte bloggaren Jonas <a href='http:\/\/kornet.nu\/blindhona\/' target='_blank'>&#8221;Blind H\u00f6na&#8221;<\/a> att denne visserligen \u00e4r republikan men gillar kungens tal pga retoriken.<\/p>\n<p>Jag gillar inte kungen och har nog alltid varit republikan &#8211; eller anarkist.<\/p>\n<p>Men, hur det nu \u00e4n \u00e4r, vad skulle vara alternativet till kung som statschef i Sverige? Att ha en president har jag alltid tyckt, men vem 17 skulle det vara i dagens l\u00e4ge?<\/p>\n<p>G\u00f6ran? Mona? Bildt? Absolut inte.<\/p>\n<p>Nej, jag tycker att vi skulle f\u00e5 v\u00e4lja en kung! Detta \u00e4r ett alternativ som jag aldrig h\u00f6rt i modern tid, men bet\u00e4nk att den nuvarande kungasl\u00e4kten valdes in &#8211; iofs av en begr\u00e4nsad del av befolkningen s\u00e5 det var inte demokratiskt s\u00e5 som vi i v\u00e4sterlandet menar  &#8211; men i dagens Sverige finns alla m\u00f6jligheter till ett sjyst val! Och en underh\u00e5llande valkampanj!<\/p>\n<p>En person jag i s\u00e5 fall skulle r\u00f6sta p\u00e5 \u00e4r Jan Guillou. Han \u00e4r redan s\u00e5 majest\u00e4tisk och h\u00f6gdragen, dessutom med franska anf\u00e4der som man s\u00e4kert skulle hitta lite bl\u00e5tt blod hos om man anstr\u00e4ngde sig lite \ud83d\ude09<\/p>\n<p>L\u00e4nge leve kungen i fyra \u00e5r! <\/p>\n<p><center><img src='\/fusion_images\/kung_guillou.png' style='margin:5px;'><\/center><\/p>\n<p>Tyv\u00e4rr vill han nog inte bli kung, annars tycker jag \u00e4rligen att han vore ett utm\u00e4rkt val. Ja, jag \u00e4r lite Janne-beundrare jag, f\u00f6rutom att jag \u00e4r pacifist d\u00e5 s\u00e5 d\u00e4r \u00e4r vi verkligen helt olika. <\/p>\n<p>Han passar som kl\u00f6ver kung tycker du inte?<br \/><\/p>\n","protected":false},"excerpt":{"rendered":"<p>L\u00e4ste hos den utm\u00e4rkte bloggaren Jonas &#8221;Blind H\u00f6na&#8221; att denne visserligen \u00e4r republikan men gillar kungens tal pga retoriken. Jag gillar inte kungen och har nog alltid varit republikan &#8211; eller anarkist. Men, hur det nu \u00e4n \u00e4r, vad skulle &hellip; <a href=\"https:\/\/henriksundstrom.se\/blog\/2005\/01\/12\/republikansk-kung\/\">Forts\u00e4tt l\u00e4sa <span class=\"meta-nav\">&rarr;<\/span><\/a><\/p>\n","protected":false},"author":1,"featured_media":0,"comment_status":"open","ping_status":"open","sticky":false,"template":"","format":"standard","meta":{"footnotes":"","_links_to":"","_links_to_target":""},"categories":[],"tags":[],"class_list":["post-39","post","type-post","status-publish","format-standard","hentry"],"_links":{"self":[{"href":"https:\/\/henriksundstrom.se\/blog\/wp-json\/wp\/v2\/posts\/39","targetHints":{"allow":["GET"]}}],"collection":[{"href":"https:\/\/henriksundstrom.se\/blog\/wp-json\/wp\/v2\/posts"}],"about":[{"href":"https:\/\/henriksundstrom.se\/blog\/wp-json\/wp\/v2\/types\/post"}],"author":[{"embeddable":true,"href":"https:\/\/henriksundstrom.se\/blog\/wp-json\/wp\/v2\/users\/1"}],"replies":[{"embeddable":true,"href":"https:\/\/henriksundstrom.se\/blog\/wp-json\/wp\/v2\/comments?post=39"}],"version-history":[{"count":0,"href":"https:\/\/henriksundstrom.se\/blog\/wp-json\/wp\/v2\/posts\/39\/revisions"}],"wp:attachment":[{"href":"https:\/\/henriksundstrom.se\/blog\/wp-json\/wp\/v2\/media?parent=39"}],"wp:term":[{"taxonomy":"category","embeddable":true,"href":"https:\/\/henriksundstrom.se\/blog\/wp-json\/wp\/v2\/categories?post=39"},{"taxonomy":"post_tag","embeddable":true,"href":"https:\/\/henriksundstrom.se\/blog\/wp-json\/wp\/v2\/tags?post=39"}],"curies":[{"name":"wp","href":"https:\/\/api.w.org\/{rel}","templated":true}]}}