{"id":4197,"date":"2009-02-19T18:52:45","date_gmt":"2009-02-19T17:52:45","guid":{"rendered":"http:\/\/henriksundstrom.se\/?p=4197"},"modified":"2009-02-19T19:04:35","modified_gmt":"2009-02-19T18:04:35","slug":"en-skanings-vedermodor-i-fjallen","status":"publish","type":"post","link":"https:\/\/henriksundstrom.se\/blog\/2009\/02\/19\/en-skanings-vedermodor-i-fjallen\/","title":{"rendered":"En sk\u00e5nings vederm\u00f6dor i fj\u00e4llen"},"content":{"rendered":"<p>G\u00e5rdagens vision om idag, det var att \u00e5ka skidor i alla backarna kring Hundfj\u00e4llet*. Just den visionen gick inte helt och h\u00e5llet i uppfyllelse.\u00a0<\/p>\n<p>Det b\u00f6rjade annars bra. Morgontimmen f\u00f6rgyllde jag och min \u00e4lskade med en v\u00e4ldigt sk\u00f6n intim och lustfylld herdestund. Min blygsamhet f\u00f6rbjuder mig att yttra mer om detta. D\u00e4refter intog vi en tillfredsst\u00e4llande frukostbuff\u00e9 och f\u00f6retog en rask bilresa de c:a 1 \u00bd milen till Hundfj\u00e4llet. V\u00e4l framme traskade vi glada i h\u00e5gen mot liftarna, men jag anade redan nu att mina ben var f\u00f6rsvagade av de senaste dagarnas h\u00e5rda anstr\u00e4ngningar i backarna.\u00a0<\/p>\n<p>Det hade sn\u00f6at lite under natten och fortfarande singlade det stilla sn\u00f6flingor i de minus nio grader som den disiga solen med m\u00f6da tryckte upp temperaturen till. Vinden var v\u00e4nligt nog helt stilla och d\u00e4rmed var de atmosf\u00e4riska f\u00f6ruts\u00e4ttningarna helt annorlunda mot tisdagen d\u00e5 temperaturen var minus 21 grader och en stark vind tr\u00e4ngde igenom m\u00e4rg och ben, vilket f\u00f6rvandlade v\u00e5ra blottade ansikten till stela, isbitna masker. Min sk\u00e5nska kropp \u00e4r inte van vid kung Bores h\u00e5rda regim.<\/p>\n<p>Redan i f\u00f6rsta \u00e5ket k\u00e4nde jag att de senaste dagarnas strapatser satt sina djupa sp\u00e5r. \u00a0D\u00e5 menar jag inte sp\u00e5r i de sn\u00f6kl\u00e4dda backarna utan sp\u00e5r i min stackars \u00e5ldrande kropp. Vi hade mycket riktigt inte \u00e5kt igenom mer \u00e4n 4-5 backar f\u00f6rr\u00e4n mina jack\u00e4rmar smakade sn\u00f6. Backabrakade, kan man s\u00e4ga. Helt enkelt av den anledningen att benen inte bar mig och jag d\u00e5 utf\u00f6rde en ofrivillig piruett p\u00e5 en isfl\u00e4ck i pisten. Det som s\u00f6g musten ur mig var det myckna skr\u00e5andet f\u00f6r att transportera oss fr\u00e5n backe till backe, men s\u00e5dana undanman\u00f6vrer \u00e4r n\u00f6dv\u00e4ndiga f\u00f6r att undvika n\u00e5gra av den moderna tidens\u00a0mest\u00a0<a href=\"http:\/\/triloger.se\/wp\/2009\/02\/19\/skidakningens-vedermoder-del-ii\/\" target=\"_blank\">ov\u00e4lkomna vederm\u00f6dor<\/a>. Kanske skulle jag gjort som <a href=\"http:\/\/triloger.se\/wp\/2009\/02\/17\/prioriterade-nyheter\/\" target=\"_blank\">Norgren <\/a>och bloddopat mig, men jag befarar att s\u00e5dan konstgjord andning vore lika l\u00f6nl\u00f6s som de miljarder som GM \u00f6nskar att svenska skattebetalare ska sk\u00e4nka till SAAB. Blodsugare.<\/p>\n<p>Min \u00e4lskade tj\u00e4narinna pusslade om mig och k\u00f6rde mig till hotellet d\u00e4r jag kunde vila ut med svalkande f\u00f6rfriskningar, medan hon \u00e5terigen skr\u00e5ade upp mot fj\u00e4llets topp i jakt. Nu framemot kv\u00e4llningen har vi b\u00e4gge &#8211; \u00e5terigen &#8211; funnit vederkvickelse i bubbelbadet.\u00a0<\/p>\n<div style=\"width: 242px\" class=\"wp-caption alignnone\"><a href=\"http:\/\/www.klassikerfilm.se\/Bilder\/Edvard%20och%20Mim.jpg\"><img loading=\"lazy\" decoding=\"async\" title=\"En sk\u00e5ning p\u00e5 platt mark\" src=\"http:\/\/www.klassikerfilm.se\/Bilder\/Edvard%20och%20Mim.jpg\" alt=\"En sk\u00e5ning p\u00e5 platt mark\" width=\"232\" height=\"448\" \/><\/a><p class=\"wp-caption-text\">En sk\u00e5ning p\u00e5 platt mark<\/p><\/div>\n<p>Det kunde vara v\u00e4rre, med andra ord.<\/p>\n<p>*Med undantag av &#8221;V\u00e4ggen&#8221;.<\/p>\n","protected":false},"excerpt":{"rendered":"<p>G\u00e5rdagens vision om idag, det var att \u00e5ka skidor i alla backarna kring Hundfj\u00e4llet*. Just den visionen gick inte helt och h\u00e5llet i uppfyllelse.\u00a0 Det b\u00f6rjade annars bra. Morgontimmen f\u00f6rgyllde jag och min \u00e4lskade med en v\u00e4ldigt sk\u00f6n intim och &hellip; <a href=\"https:\/\/henriksundstrom.se\/blog\/2009\/02\/19\/en-skanings-vedermodor-i-fjallen\/\">Forts\u00e4tt l\u00e4sa <span class=\"meta-nav\">&rarr;<\/span><\/a><\/p>\n","protected":false},"author":1,"featured_media":0,"comment_status":"open","ping_status":"open","sticky":false,"template":"","format":"standard","meta":{"footnotes":"","_links_to":"","_links_to_target":""},"categories":[66,7,100,35],"tags":[101,102],"class_list":["post-4197","post","type-post","status-publish","format-standard","hentry","category-personligt","category-poesi","category-resa","category-roligt","tag-fjall","tag-fjalla"],"_links":{"self":[{"href":"https:\/\/henriksundstrom.se\/blog\/wp-json\/wp\/v2\/posts\/4197","targetHints":{"allow":["GET"]}}],"collection":[{"href":"https:\/\/henriksundstrom.se\/blog\/wp-json\/wp\/v2\/posts"}],"about":[{"href":"https:\/\/henriksundstrom.se\/blog\/wp-json\/wp\/v2\/types\/post"}],"author":[{"embeddable":true,"href":"https:\/\/henriksundstrom.se\/blog\/wp-json\/wp\/v2\/users\/1"}],"replies":[{"embeddable":true,"href":"https:\/\/henriksundstrom.se\/blog\/wp-json\/wp\/v2\/comments?post=4197"}],"version-history":[{"count":5,"href":"https:\/\/henriksundstrom.se\/blog\/wp-json\/wp\/v2\/posts\/4197\/revisions"}],"predecessor-version":[{"id":4202,"href":"https:\/\/henriksundstrom.se\/blog\/wp-json\/wp\/v2\/posts\/4197\/revisions\/4202"}],"wp:attachment":[{"href":"https:\/\/henriksundstrom.se\/blog\/wp-json\/wp\/v2\/media?parent=4197"}],"wp:term":[{"taxonomy":"category","embeddable":true,"href":"https:\/\/henriksundstrom.se\/blog\/wp-json\/wp\/v2\/categories?post=4197"},{"taxonomy":"post_tag","embeddable":true,"href":"https:\/\/henriksundstrom.se\/blog\/wp-json\/wp\/v2\/tags?post=4197"}],"curies":[{"name":"wp","href":"https:\/\/api.w.org\/{rel}","templated":true}]}}