{"id":4298,"date":"2009-04-05T09:50:06","date_gmt":"2009-04-05T08:50:06","guid":{"rendered":"http:\/\/henriksundstrom.se\/?p=4298"},"modified":"2009-04-05T09:54:21","modified_gmt":"2009-04-05T08:54:21","slug":"mannen-som-pratar-skanska-med-hastar","status":"publish","type":"post","link":"https:\/\/henriksundstrom.se\/blog\/2009\/04\/05\/mannen-som-pratar-skanska-med-hastar\/","title":{"rendered":"Mannen som pratar sk\u00e5nska med h\u00e4star"},"content":{"rendered":"<p>Mannen som pratar sk\u00e5nska med h\u00e4star, \u00a0det \u00e4r jag. I den g\u00e5ngna veckan har jag gjort ryttardebut och f\u00f6r f\u00f6rsta g\u00e5ngen ridit en h\u00e4stap\u00e5lle och detta inte bara en g\u00e5ng, utan tv\u00e5!<\/p>\n<p>Det har varit j\u00e4tteskoj och jag vill rida fler g\u00e5nger. Fick efter\u00a0den f\u00f6rsta g\u00e5ngen\u00a0lite ont p\u00e5 insidan av l\u00e5ren, men annars gick det bra. B\u00e4gge g\u00e5ngerna fick jag rida p\u00e5 samma h\u00e4st och det var den st\u00f6rsta h\u00e4sten som ridskolan hade. Orsaken var att de andra ryttarna var s\u00e5 f\u00f6rtvivlat sm\u00e5 att jag framstod som tyngst av oss alla. Benjamin heter h\u00e4sten och \u00e4r 19 \u00e5r gammal och, enligt ridl\u00e4rarna, sn\u00e4ll och lite sl\u00f6.<\/p>\n<div id=\"attachment_4299\" style=\"width: 305px\" class=\"wp-caption alignleft\"><img loading=\"lazy\" decoding=\"async\" aria-describedby=\"caption-attachment-4299\" class=\"size-full wp-image-4299 \" title=\"Sk\u00e5nskt prat i h\u00e4stens \u00f6ron\" src=\"http:\/\/henriksundstrom.se\/blog\/wp-content\/uploads\/horse_ears_back.png\" alt=\"Sk\u00e5nskt prat i h\u00e4stens \u00f6ron\" width=\"295\" height=\"221\" \/><p id=\"caption-attachment-4299\" class=\"wp-caption-text\">Sk\u00e5nskt prat i h\u00e4stens \u00f6ron<\/p><\/div>\n<p>Jag hade innan min ryttardebut mycket stor respekt f\u00f6r h\u00e4star och ville inte g\u00e4rna n\u00e4rma mig dom av oro f\u00f6r att de skulle bli nerv\u00f6sa och sparka omkring sig. Inte s\u00e5 att jag var r\u00e4dd eller tyckte illa om h\u00e4star, men jag tycker det \u00e4r sv\u00e5rt att tolka deras beteende och vet inte hur de tolkar mitt.<\/p>\n<p>En annan sak som var jobbig var alla nya termer som den f\u00f6rsta ridl\u00e4raren verkade f\u00f6ruts\u00e4tta att nyb\u00f6rjare k\u00e4nde till. Jag har inte tidigare stiftat bekantskap med saker som tyglar, stigbyglar, trav, skritt och andra m\u00e4rkliga f\u00f6reteelser och var ordentligt f\u00f6rvirrad.Inte heller har jag n\u00e5gra st\u00f6rre kunskaper i hur man styr ett fordon utan ratt eller styre, bromspedaler eller gas.Vid det andra tillf\u00e4llet p\u00e5pekade jag detta, s\u00e5 den ridl\u00e4raren var noga med att f\u00f6rklara lite b\u00e4ttre, till exempel hur man stannar genom att dra i sn\u00f6rena som sitter i h\u00e4stens mun, de s\u00e5 kallade tyglarna allts\u00e5.<\/p>\n<p>Jag t\u00e4nkte vara psykologisk, lite som de d\u00e4r fantastiska h\u00e4stexperterna jag h\u00f6rt talas om som viskar och pratar med h\u00e4star och p\u00e5 detta s\u00e4tt etablerar djup och innerlig f\u00f6rst\u00e5else mellan m\u00e4nniska och djur. Min tanke var att om jag blev kompis med h\u00e4sten s\u00e5 skulle han nog inte anfalla mig, s\u00e5 d\u00e4rf\u00f6r pratade jag hela tiden lugnande med honom. Det fungerade! Inte ett endaste bett eller bak\u00e5tsparkut!<\/p>\n<p>Andra g\u00e5ngen jag var d\u00e4r och red fick jag samma h\u00e4st, Benjamin allts\u00e5. Precis som tidigare pratade jag lugnande med honom. Lustigt nog s\u00e5 riktade han hela tiden \u00f6ronen rakt bak\u00e5t mot mig, precis som att han lyssnade noga. Ibland var dom helt som bak\u00e5tklistrade. &#8221;Vad bra&#8221;, t\u00e4nkte jag \u00a0glatt, &#8221;han gillar min sk\u00e5nska!&#8221;<\/p>\n<p>N\u00e4r jag ber\u00e4ttade f\u00f6r min sambo om mina upplevelser hade hon otroligt roligt \u00e5t mina bravader. Det \u00e4r inte s\u00e5 enkelt, n\u00e4r man inte kan och inte f\u00f6rst\u00e5r.<\/p>\n","protected":false},"excerpt":{"rendered":"<p>Mannen som pratar sk\u00e5nska med h\u00e4star, \u00a0det \u00e4r jag. I den g\u00e5ngna veckan har jag gjort ryttardebut och f\u00f6r f\u00f6rsta g\u00e5ngen ridit en h\u00e4stap\u00e5lle och detta inte bara en g\u00e5ng, utan tv\u00e5! Det har varit j\u00e4tteskoj och jag vill rida &hellip; <a href=\"https:\/\/henriksundstrom.se\/blog\/2009\/04\/05\/mannen-som-pratar-skanska-med-hastar\/\">Forts\u00e4tt l\u00e4sa <span class=\"meta-nav\">&rarr;<\/span><\/a><\/p>\n","protected":false},"author":1,"featured_media":0,"comment_status":"open","ping_status":"open","sticky":false,"template":"","format":"standard","meta":{"footnotes":"","_links_to":"","_links_to_target":""},"categories":[6,66,35],"tags":[151,152,150,24,63,44,153],"class_list":["post-4298","post","type-post","status-publish","format-standard","hentry","category-insikter","category-personligt","category-roligt","tag-djur","tag-forstaelse","tag-hast","tag-larare","tag-psykologi","tag-skanska","tag-sporra"],"_links":{"self":[{"href":"https:\/\/henriksundstrom.se\/blog\/wp-json\/wp\/v2\/posts\/4298","targetHints":{"allow":["GET"]}}],"collection":[{"href":"https:\/\/henriksundstrom.se\/blog\/wp-json\/wp\/v2\/posts"}],"about":[{"href":"https:\/\/henriksundstrom.se\/blog\/wp-json\/wp\/v2\/types\/post"}],"author":[{"embeddable":true,"href":"https:\/\/henriksundstrom.se\/blog\/wp-json\/wp\/v2\/users\/1"}],"replies":[{"embeddable":true,"href":"https:\/\/henriksundstrom.se\/blog\/wp-json\/wp\/v2\/comments?post=4298"}],"version-history":[{"count":7,"href":"https:\/\/henriksundstrom.se\/blog\/wp-json\/wp\/v2\/posts\/4298\/revisions"}],"predecessor-version":[{"id":4306,"href":"https:\/\/henriksundstrom.se\/blog\/wp-json\/wp\/v2\/posts\/4298\/revisions\/4306"}],"wp:attachment":[{"href":"https:\/\/henriksundstrom.se\/blog\/wp-json\/wp\/v2\/media?parent=4298"}],"wp:term":[{"taxonomy":"category","embeddable":true,"href":"https:\/\/henriksundstrom.se\/blog\/wp-json\/wp\/v2\/categories?post=4298"},{"taxonomy":"post_tag","embeddable":true,"href":"https:\/\/henriksundstrom.se\/blog\/wp-json\/wp\/v2\/tags?post=4298"}],"curies":[{"name":"wp","href":"https:\/\/api.w.org\/{rel}","templated":true}]}}