{"id":4595,"date":"2010-06-07T13:27:37","date_gmt":"2010-06-07T12:27:37","guid":{"rendered":"http:\/\/henriksundstrom.se\/?p=4595"},"modified":"2010-06-07T13:30:27","modified_gmt":"2010-06-07T12:30:27","slug":"varldsmiljodagen-2010-i-enkoping","status":"publish","type":"post","link":"https:\/\/henriksundstrom.se\/blog\/2010\/06\/07\/varldsmiljodagen-2010-i-enkoping\/","title":{"rendered":"V\u00e4rldsmilj\u00f6dagen 2010 i Enk\u00f6ping"},"content":{"rendered":"<p>V\u00e4rldsmilj\u00f6dagen uppm\u00e4rksammades i Enk\u00f6ping genom en bred satsning p\u00e5 att informera om Klimatsmart teknik.<\/p>\n<p>Mest var det lokala f\u00f6retag som visade sina produkter och tj\u00e4nster. \u00c4ven kommunens olika f\u00f6rvaltningar deltog p\u00e5 bred front.<\/p>\n<div style=\"width: 730px\" class=\"wp-caption alignnone\"><a href=\"http:\/\/picasaweb.google.se\/Henrik.Sundstrom\/20100605_varldsmiljodagen\"><img loading=\"lazy\" decoding=\"async\" title=\"Anna Wiklund invigningstalar\" src=\"http:\/\/lh6.ggpht.com\/_A3_sagXCdXc\/TAs6JgeoaVI\/AAAAAAAAA9s\/2PEUD4qvrSM\/s720\/DSC_0053.JPG\" alt=\"Anna Wiklund invigningstalar\" width=\"720\" height=\"482\" \/><\/a><p class=\"wp-caption-text\">Anna Wiklund invigningstalar<\/p><\/div>\n<p>H\u00e4rproducerad musik arrangerad av PepparRoots stod f\u00f6r underh\u00e5llningen och Kommunstyrelsens ordf\u00f6rande Anna Wiklund (bilden) invigningstalade.<\/p>\n<p>Skyltarna i bakgrunden gjorde Andreas Ljungberg och Gustav H\u00e4rnqvist som driver UF-f\u00f6retaget <a href=\"http:\/\/webbyggare.se\" target=\"_blank\">Webbyggarna<\/a> p\u00e5 <a href=\"http:\/\/westerlundska.se\" target=\"_blank\">Westerlundska gymnasiet<\/a>.<\/p>\n<p>Undertecknad intervjuade och <a href=\"http:\/\/picasaweb.google.se\/Henrik.Sundstrom\/20100605_varldsmiljodagen\" target=\"_blank\">fotograferade<\/a>.<\/p>\n<p>Arrang\u00f6rer var vi p\u00e5 Naturskyddsf\u00f6reningen, Enk\u00f6pings kommun och PepparRoots.<\/p>\n","protected":false},"excerpt":{"rendered":"<p>V\u00e4rldsmilj\u00f6dagen uppm\u00e4rksammades i Enk\u00f6ping genom en bred satsning p\u00e5 att informera om Klimatsmart teknik. Mest var det lokala f\u00f6retag som visade sina produkter och tj\u00e4nster. \u00c4ven kommunens olika f\u00f6rvaltningar deltog p\u00e5 bred front. H\u00e4rproducerad musik arrangerad av PepparRoots stod f\u00f6r &hellip; <a href=\"https:\/\/henriksundstrom.se\/blog\/2010\/06\/07\/varldsmiljodagen-2010-i-enkoping\/\">Forts\u00e4tt l\u00e4sa <span class=\"meta-nav\">&rarr;<\/span><\/a><\/p>\n","protected":false},"author":1,"featured_media":0,"comment_status":"open","ping_status":"open","sticky":false,"template":"","format":"standard","meta":{"footnotes":"","_links_to":"","_links_to_target":""},"categories":[1,267,35],"tags":[270],"class_list":["post-4595","post","type-post","status-publish","format-standard","hentry","category-div","category-miljo","category-roligt","tag-miljoklimat"],"_links":{"self":[{"href":"https:\/\/henriksundstrom.se\/blog\/wp-json\/wp\/v2\/posts\/4595","targetHints":{"allow":["GET"]}}],"collection":[{"href":"https:\/\/henriksundstrom.se\/blog\/wp-json\/wp\/v2\/posts"}],"about":[{"href":"https:\/\/henriksundstrom.se\/blog\/wp-json\/wp\/v2\/types\/post"}],"author":[{"embeddable":true,"href":"https:\/\/henriksundstrom.se\/blog\/wp-json\/wp\/v2\/users\/1"}],"replies":[{"embeddable":true,"href":"https:\/\/henriksundstrom.se\/blog\/wp-json\/wp\/v2\/comments?post=4595"}],"version-history":[{"count":5,"href":"https:\/\/henriksundstrom.se\/blog\/wp-json\/wp\/v2\/posts\/4595\/revisions"}],"predecessor-version":[{"id":4598,"href":"https:\/\/henriksundstrom.se\/blog\/wp-json\/wp\/v2\/posts\/4595\/revisions\/4598"}],"wp:attachment":[{"href":"https:\/\/henriksundstrom.se\/blog\/wp-json\/wp\/v2\/media?parent=4595"}],"wp:term":[{"taxonomy":"category","embeddable":true,"href":"https:\/\/henriksundstrom.se\/blog\/wp-json\/wp\/v2\/categories?post=4595"},{"taxonomy":"post_tag","embeddable":true,"href":"https:\/\/henriksundstrom.se\/blog\/wp-json\/wp\/v2\/tags?post=4595"}],"curies":[{"name":"wp","href":"https:\/\/api.w.org\/{rel}","templated":true}]}}