{"id":61,"date":"2005-02-13T15:31:20","date_gmt":"2005-02-13T13:31:20","guid":{"rendered":"http:\/\/henriksundstrom.se\/blog\/?p=2904"},"modified":"2005-02-13T15:31:20","modified_gmt":"2005-02-13T13:31:20","slug":"vandana-shiva-ger-svar-pa-tal","status":"publish","type":"post","link":"https:\/\/henriksundstrom.se\/blog\/2005\/02\/13\/vandana-shiva-ger-svar-pa-tal\/","title":{"rendered":"Vandana Shiva ger svar p\u00e5 tal"},"content":{"rendered":"<p>F\u00f6r en tid sedan l\u00e4ste jag en debattartikel p\u00e5 Aftonbladet kultur av tv\u00e5 svenska ekonomer som handlade om ekologi och ekonomi i efterspelet till jordb\u00e4vningskatatstrofen. Det hela l\u00e4t som ett d\u00e5ligt sk\u00e4mt av n\u00e5gra studentspexare &#8211; s\u00e5 det var med stor gl\u00e4dje jag h\u00e4romdagen l\u00e4ste ett <a href='http:\/\/www.aftonbladet.se\/vss\/kultur\/story\/0,2789,600894,00.html' target='_blank'>mycket bra svar<\/a> av <a href='http:\/\/en.wikipedia.org\/wiki\/Vandana_Shiva' target='_blank'><b>Vandana Shiva<\/b><\/a>, mottagare av the Right Livelihood Award (&#8221;det alternativa Nobelpriset&#8221;).<\/p>\n<p>F\u00f6rresten l\u00e4ste jag en unders\u00f6kning som visade att ekonomistudenter var mycket mer sj\u00e4lviska \u00e4n andra. Vad unders\u00f6kningen inte klargjorde var huruvida de var det pga utbildningen eller om de s\u00f6kte utbildningen f\u00f6r att de var det redan innan.<\/p>\n<p>Om jag till\u00e5ts spekulera s\u00e5 \u00e4r det b\u00e5de och.<\/p>\n<p>Det \u00e4r lite m\u00e4rkligt att s\u00e5 m\u00e5nga intressanta politiska artiklar, ut\u00f6ver det vanliga unkna politiska vargdagstj\u00e4bblet p\u00e5 ledar- och debattsidor, \u00e5terfinns undang\u00f6mda p\u00e5 AB&#8217;s kultursidor.<\/p>\n","protected":false},"excerpt":{"rendered":"<p>F\u00f6r en tid sedan l\u00e4ste jag en debattartikel p\u00e5 Aftonbladet kultur av tv\u00e5 svenska ekonomer som handlade om ekologi och ekonomi i efterspelet till jordb\u00e4vningskatatstrofen. Det hela l\u00e4t som ett d\u00e5ligt sk\u00e4mt av n\u00e5gra studentspexare &#8211; s\u00e5 det var med &hellip; <a href=\"https:\/\/henriksundstrom.se\/blog\/2005\/02\/13\/vandana-shiva-ger-svar-pa-tal\/\">Forts\u00e4tt l\u00e4sa <span class=\"meta-nav\">&rarr;<\/span><\/a><\/p>\n","protected":false},"author":1,"featured_media":0,"comment_status":"open","ping_status":"open","sticky":false,"template":"","format":"standard","meta":{"footnotes":"","_links_to":"","_links_to_target":""},"categories":[],"tags":[],"class_list":["post-61","post","type-post","status-publish","format-standard","hentry"],"_links":{"self":[{"href":"https:\/\/henriksundstrom.se\/blog\/wp-json\/wp\/v2\/posts\/61","targetHints":{"allow":["GET"]}}],"collection":[{"href":"https:\/\/henriksundstrom.se\/blog\/wp-json\/wp\/v2\/posts"}],"about":[{"href":"https:\/\/henriksundstrom.se\/blog\/wp-json\/wp\/v2\/types\/post"}],"author":[{"embeddable":true,"href":"https:\/\/henriksundstrom.se\/blog\/wp-json\/wp\/v2\/users\/1"}],"replies":[{"embeddable":true,"href":"https:\/\/henriksundstrom.se\/blog\/wp-json\/wp\/v2\/comments?post=61"}],"version-history":[{"count":0,"href":"https:\/\/henriksundstrom.se\/blog\/wp-json\/wp\/v2\/posts\/61\/revisions"}],"wp:attachment":[{"href":"https:\/\/henriksundstrom.se\/blog\/wp-json\/wp\/v2\/media?parent=61"}],"wp:term":[{"taxonomy":"category","embeddable":true,"href":"https:\/\/henriksundstrom.se\/blog\/wp-json\/wp\/v2\/categories?post=61"},{"taxonomy":"post_tag","embeddable":true,"href":"https:\/\/henriksundstrom.se\/blog\/wp-json\/wp\/v2\/tags?post=61"}],"curies":[{"name":"wp","href":"https:\/\/api.w.org\/{rel}","templated":true}]}}