{"id":6433,"date":"2023-09-20T22:14:13","date_gmt":"2023-09-20T20:14:13","guid":{"rendered":"https:\/\/henriksundstrom.se\/blog\/?p=6433"},"modified":"2023-09-20T22:14:13","modified_gmt":"2023-09-20T20:14:13","slug":"miljopartisten-per-gahrton-ar-dod","status":"publish","type":"post","link":"https:\/\/henriksundstrom.se\/blog\/2023\/09\/20\/miljopartisten-per-gahrton-ar-dod\/","title":{"rendered":"Milj\u00f6partisten Per Gahrton \u00e4r d\u00f6d"},"content":{"rendered":"\n<p>S\u00e5 h\u00e4r l\u00e4t det i radion 14\/11 1994, efter folkomr\u00f6stningen om EU:<\/p>\n\n\n\n<p>&#8211; De fantastiska l\u00f6ftena ska uppfyllas nu.<\/p>\n\n\n\n<p>&#8211; Jag tycker inte du ska forts\u00e4tta kampanja nu Per, s\u00e4ger utrikesminister Lena Hjelm-Wall\u00e9n.<\/p>\n\n\n\n<p>&#8211; Jag kampanjar inte! Nu \u00e4r ni fyra, fem jas\u00e4gare h\u00e4r vid bordet, nu \u00e4r ni s\u00e5 fantastiskt schangtila att ni ska ta oss p\u00e5 allvar, det \u00e4r ju rent, det \u00e4r ju rent skitprat. Ni har g\u00e5tt ut med dessa l\u00f6ften, f\u00f6rs\u00f6k nu inte backa fr\u00e5n dem redan f\u00f6rsta morgonen. Vi har noterat alla dessa l\u00f6ften. Har inte din regering avskaffat arbetsl\u00f6sheten till 1998. s\u00e5 s\u00e4ger jag bara: gud n\u00e5de er n\u00e4r ni ska m\u00f6ta v\u00e4ljarna.<\/p>\n\n\n\n<p>&#8211; Men Per&#8230; b\u00f6rjar Carl Bildt men programledaren ger ordet till Ulf Dlnkelsplel.<\/p>\n\n\n\n<p>&#8211; Jag t\u00e4nker inte forts\u00e4tta den h\u00e4r debatten, meddelar den tidigare EG-minlstern.<\/p>\n\n\n\n<p>&#8211; Debatten? s\u00e4ger Per Gahrton. Ni har utm\u00e5lat oss som l\u00f6gnare och bedragare, ni har pumpat in n\u00e4ringslivets pengar, ni har f\u00f6rf\u00f6ljt oss personligen, mig och m\u00e5nga andra, utm\u00e5lat oss som fascister och Le Pen-anh\u00e4ngare.<\/p>\n\n\n\n<p>&#8211; Men Per Gahrton, s\u00e4ger programledaren, b\u00f6r man Inte ocks\u00e5 vara en god f\u00f6rlorare?<\/p>\n\n\n\n<p>&#8211; God f\u00f6rlorare? Nu sitter jasidan h\u00e4r och har vunnit med den knappaste marginal n\u00e5got land har tagit sig In i EU med.<\/p>\n\n\n\n<p>&#8211; Och s\u00e5 ska vi pl\u00f6tsligt gl\u00f6mma alla dessa spyor som de har har vr\u00e4kt \u00f6ver oss. alla dessa \u00f6vergrepp&#8230;<\/p>\n\n\n\n<p>-&#8230; Per, nu \u00e4r det nog dags att du g\u00e5r och l\u00e4gger dig, s\u00e4ger Carl Bild\u00bb.<\/p>\n\n\n\n<p>&#8211; H\u00e5ll truten p\u00e5 dig Carl Bildt! Det h\u00e4r \u00e4r en seri\u00f6s debatt!<\/p>\n\n\n\n<p>&#8211; Ja, det \u00e4r precis det Jag t\u00e4nkte s\u00e4ga. s\u00e4ger Bildt.<\/p>\n\n\n\n<p>&#8211; Ni f\u00f6rs\u00f6ker smita undan ert ansvar! Det \u00e4r fullst\u00e4ndigt sansl\u00f6st!<\/p>\n\n\n\n<p>&#8211; Per. Jag kan f\u00f6rst\u00e5 din bitterhet&#8230;<\/p>\n\n\n\n<p>&#8211; &#8230;Jag \u00e4r Inte bitter! Jag f\u00f6raktar er som nu f\u00f6rs\u00f6ker smita ifr\u00e5n era l\u00f6ften!<\/p>\n\n\n\n<p>&#8211; Ta det nu lite lugnt, Per.<\/p>\n\n\n\n<p>&#8211; Du Carl Bildt! Tala Inte till mig med n\u00e5gon sorts \u00f6versittarstatsministerr\u00f6st!<\/p>\n\n\n\n<p>K\u00e4lla: <a href=\"http:\/\/bengtbloggen.se\/2023\/09\/20\/var-hitta-en-gahrtons-like\/\">http:\/\/bengtbloggen.se\/2023\/09\/20\/var-hitta-en-gahrtons-like\/<\/a> <\/p>\n","protected":false},"excerpt":{"rendered":"<p>S\u00e5 h\u00e4r l\u00e4t det i radion 14\/11 1994, efter folkomr\u00f6stningen om EU: &#8211; De fantastiska l\u00f6ftena ska uppfyllas nu. &#8211; Jag tycker inte du ska forts\u00e4tta kampanja nu Per, s\u00e4ger utrikesminister Lena Hjelm-Wall\u00e9n. &#8211; Jag kampanjar inte! Nu \u00e4r ni &hellip; <a href=\"https:\/\/henriksundstrom.se\/blog\/2023\/09\/20\/miljopartisten-per-gahrton-ar-dod\/\">Forts\u00e4tt l\u00e4sa <span class=\"meta-nav\">&rarr;<\/span><\/a><\/p>\n","protected":false},"author":1,"featured_media":0,"comment_status":"open","ping_status":"open","sticky":false,"template":"","format":"standard","meta":{"footnotes":"","_links_to":"","_links_to_target":""},"categories":[455,5],"tags":[],"class_list":["post-6433","post","type-post","status-publish","format-standard","hentry","category-klimat","category-politik"],"_links":{"self":[{"href":"https:\/\/henriksundstrom.se\/blog\/wp-json\/wp\/v2\/posts\/6433","targetHints":{"allow":["GET"]}}],"collection":[{"href":"https:\/\/henriksundstrom.se\/blog\/wp-json\/wp\/v2\/posts"}],"about":[{"href":"https:\/\/henriksundstrom.se\/blog\/wp-json\/wp\/v2\/types\/post"}],"author":[{"embeddable":true,"href":"https:\/\/henriksundstrom.se\/blog\/wp-json\/wp\/v2\/users\/1"}],"replies":[{"embeddable":true,"href":"https:\/\/henriksundstrom.se\/blog\/wp-json\/wp\/v2\/comments?post=6433"}],"version-history":[{"count":1,"href":"https:\/\/henriksundstrom.se\/blog\/wp-json\/wp\/v2\/posts\/6433\/revisions"}],"predecessor-version":[{"id":6434,"href":"https:\/\/henriksundstrom.se\/blog\/wp-json\/wp\/v2\/posts\/6433\/revisions\/6434"}],"wp:attachment":[{"href":"https:\/\/henriksundstrom.se\/blog\/wp-json\/wp\/v2\/media?parent=6433"}],"wp:term":[{"taxonomy":"category","embeddable":true,"href":"https:\/\/henriksundstrom.se\/blog\/wp-json\/wp\/v2\/categories?post=6433"},{"taxonomy":"post_tag","embeddable":true,"href":"https:\/\/henriksundstrom.se\/blog\/wp-json\/wp\/v2\/tags?post=6433"}],"curies":[{"name":"wp","href":"https:\/\/api.w.org\/{rel}","templated":true}]}}